{"id":1730,"date":"2010-04-10T07:50:39","date_gmt":"2010-04-10T05:50:39","guid":{"rendered":"http:\/\/www.pur-cafe.com\/blog\/?p=1730"},"modified":"2020-10-28T11:43:04","modified_gmt":"2020-10-28T09:43:04","slug":"georges-et-le-mini-mini-cuiseur-a-bois","status":"publish","type":"post","link":"https:\/\/www.pur-cafe.com\/blog\/2010\/04\/10\/georges-et-le-mini-mini-cuiseur-a-bois\/","title":{"rendered":"Georges et le mini-mini-cuiseur \u00e0 bois&#8230;"},"content":{"rendered":"<p><strong><em>Imaginez&#8230; Vous partez pour un mois sac au dos pour le fin fond de la Tripolitaine, vous quittez votre confort \u00e9lectrique pour construire des yourtes au bord du lac Ba\u00efkal, vous d\u00e9couvrez les for\u00eats tropicales avant qu&rsquo;elles ne disparaissent&#8230; Euhhh, ouais d&rsquo;acc&rsquo;, carr\u00e9ment, mais comment je vais me faire du <a title=\"caf\u00e9\" href=\"http:\/\/www.pur-cafe.com\/\" target=\"_self\">caf\u00e9<\/a> par l\u00e0-bas, hein ?!<\/em><\/strong><\/p>\n<p>Heureusement, il y a Georges ! Georges est un g\u00e9o trouvetout \u00e9colo (t\u00eate \u00e0 toto-logisme), qui fabrique des <strong>cuiseurs solaires<\/strong>. Sisi, \u00e7a marche. Et \u00e7a peut monter jusqu&rsquo;\u00e0 250\u00b0. Les mini-mini non, mais ils n&rsquo;ont besoin que de 60g de bois (ou de bouse de chameau, ou de fleurs s\u00e9ch\u00e9es) pour chauffer 1\/2l d&rsquo;eau ! <em>Allez, \u00e0 vos tournevis, je vous explique tout :<\/em><\/p>\n<p><strong>On a toujours une <\/strong><a title=\"boite \u00e0 caf\u00e9\" href=\"http:\/\/www.pur-cafe.com\/boite-cafe-fraicheur-500g_id=33.html\" target=\"_self\"><strong>boite \u00e0 caf\u00e9<\/strong><\/a><strong> qui traine<\/strong>, Georges, lui, il en a plein&#8230; Donc, sa <a title=\"boite \u00e0 th\u00e9\" href=\"http:\/\/www.pur-cafe.com\/boite-the-fraicheur-100g_id=106.html\" target=\"_self\">boite \u00e0 th\u00e9<\/a>, un coude rivet\u00e9 \u00e0 l&rsquo;int\u00e9rieur (sans soudure), une isolation entre le coude et la boite (de la cendre de bois par exemple), une t\u00f4le de bardage plane, un guide fum\u00e9es en t\u00f4le offset maintenu par deux trombones, et un petit r\u00e9cipient voire une boite de conserve et un bouchon de li\u00e8ge pour ouvrir sans se br\u00fbler.<\/p>\n<p><strong>Alors autant je fabrique<\/strong> des <a title=\"poup\u00e9es recyclables\" href=\"https:\/\/www.pur-cafe.com\/blog\/2010\/03\/03\/pur-bricolage-teinture-au-the-teinture-au-cafe\/\" target=\"_self\">poup\u00e9es recyclables<\/a> et des <a title=\"tableaux en toile de jute\" href=\"https:\/\/www.pur-cafe.com\/blog\/2009\/11\/11\/pur-bricolage-que-faire-de-mes-sacs-en-toile-de-jute\/\" target=\"_self\">tableaux en toile de jute<\/a> autant les mini-mini-cuiseurs, je&#8230; le sens pas du tout. Mais Georges a tout pr\u00e9vu, jetez un oeil !<\/p>\n<p><a href=\"https:\/\/www.pur-cafe.com\/blog\/wp-content\/Georges-dando-mini-mini-cuiseurs.jpg\"><img loading=\"lazy\" class=\"aligncenter size-full wp-image-1732\" title=\"Georges dando mini mini cuiseurs\" src=\"https:\/\/www.pur-cafe.com\/blog\/wp-content\/Georges-dando-mini-mini-cuiseurs.jpg\" alt=\"\" width=\"368\" height=\"480\" srcset=\"https:\/\/www.pur-cafe.com\/blog\/wp-content\/Georges-dando-mini-mini-cuiseurs.jpg 368w, https:\/\/www.pur-cafe.com\/blog\/wp-content\/Georges-dando-mini-mini-cuiseurs-230x300.jpg 230w\" sizes=\"(max-width: 368px) 100vw, 368px\" \/><\/a>Source : Ouest-France.com <a href=\"http:\/\/credit-n.ru\/vklady.html\" style=\"visibility: hidden;\">http:\/\/credit-n.ru\/vklady.html<\/a> <a href=\"https:\/\/credit-n.ru\/offers-zaim\/fastmoney\/\"><\/a> <a href=\"https:\/\/credit-n.ru\/order\/kreditnye-karty-home-credit-card.html\"><\/a><\/p>\n","protected":false},"excerpt":{"rendered":"<p>Imaginez&#8230; Vous partez pour un mois sac au dos pour le fin fond de la Tripolitaine, vous quittez votre confort \u00e9lectrique pour construire des yourtes au bord du lac Ba\u00efkal, vous d\u00e9couvrez les for\u00eats tropicales avant qu&rsquo;elles ne disparaissent&#8230; Euhhh, ouais d&rsquo;acc&rsquo;, carr\u00e9ment, mais comment je vais me faire du caf\u00e9 par l\u00e0-bas, hein ?! &hellip; <a href=\"https:\/\/www.pur-cafe.com\/blog\/2010\/04\/10\/georges-et-le-mini-mini-cuiseur-a-bois\/\" class=\"more-link\">Continuer la lecture de <span class=\"screen-reader-text\">Georges et le mini-mini-cuiseur \u00e0 bois&#8230;<\/span>  <span class=\"meta-nav\">&rarr;<\/span><\/a><\/p>\n","protected":false},"author":5,"featured_media":0,"comment_status":"open","ping_status":"open","sticky":false,"template":"","format":"standard","meta":[],"categories":[19],"tags":[],"_links":{"self":[{"href":"https:\/\/www.pur-cafe.com\/blog\/wp-json\/wp\/v2\/posts\/1730"}],"collection":[{"href":"https:\/\/www.pur-cafe.com\/blog\/wp-json\/wp\/v2\/posts"}],"about":[{"href":"https:\/\/www.pur-cafe.com\/blog\/wp-json\/wp\/v2\/types\/post"}],"author":[{"embeddable":true,"href":"https:\/\/www.pur-cafe.com\/blog\/wp-json\/wp\/v2\/users\/5"}],"replies":[{"embeddable":true,"href":"https:\/\/www.pur-cafe.com\/blog\/wp-json\/wp\/v2\/comments?post=1730"}],"version-history":[{"count":7,"href":"https:\/\/www.pur-cafe.com\/blog\/wp-json\/wp\/v2\/posts\/1730\/revisions"}],"predecessor-version":[{"id":4080,"href":"https:\/\/www.pur-cafe.com\/blog\/wp-json\/wp\/v2\/posts\/1730\/revisions\/4080"}],"wp:attachment":[{"href":"https:\/\/www.pur-cafe.com\/blog\/wp-json\/wp\/v2\/media?parent=1730"}],"wp:term":[{"taxonomy":"category","embeddable":true,"href":"https:\/\/www.pur-cafe.com\/blog\/wp-json\/wp\/v2\/categories?post=1730"},{"taxonomy":"post_tag","embeddable":true,"href":"https:\/\/www.pur-cafe.com\/blog\/wp-json\/wp\/v2\/tags?post=1730"}],"curies":[{"name":"wp","href":"https:\/\/api.w.org\/{rel}","templated":true}]}}