{"id":1924,"date":"2010-05-29T07:35:56","date_gmt":"2010-05-29T05:35:56","guid":{"rendered":"http:\/\/www.pur-cafe.com\/blog\/?p=1924"},"modified":"2020-10-28T11:42:12","modified_gmt":"2020-10-28T09:42:12","slug":"idee-recette-fete-des-mamans-tarte-aux-fraises-de-couturiere","status":"publish","type":"post","link":"https:\/\/www.pur-cafe.com\/blog\/2010\/05\/29\/idee-recette-fete-des-mamans-tarte-aux-fraises-de-couturiere\/","title":{"rendered":"Id\u00e9e recette f\u00eate des mamans : tarte aux fraises de couturi\u00e8re !"},"content":{"rendered":"<p><strong><em>La <a title=\"f\u00eate des mamans\" href=\"https:\/\/www.pur-cafe.com\/blog\/2010\/05\/20\/maman-ca-va-etre-ta-fete\/\" target=\"_self\">f\u00eate des mamans<\/a><\/em><em> c&rsquo;est cette semaine !!!! Le <a title=\"cadeau fait main\" href=\"https:\/\/www.pur-cafe.com\/blog\/2010\/05\/21\/idee-cadeaux-fete-des-meres-bricolages-en-toile-de-jute\/\" target=\"_self\">cadeau fait main<\/a><\/em><em> est pr\u00eat, il est temps de se creuser la t\u00eate pour un dessert id\u00e9al !<\/em><\/strong> Ma maman \u00e0 moi est une <strong>couturi\u00e8re hors pair<\/strong> ! C&rsquo;est aussi une conductrice d&rsquo;engin talentueuse mais c&rsquo;est vachement moins simple \u00e0 gastronomiser&#8230; En plus, elle adoooooore les fraises ! Dans la <strong>s\u00e9rie des <\/strong><a title=\"desserts rigolos\" href=\"https:\/\/www.pur-cafe.com\/blog\/2010\/04\/29\/pur-recette-dora-au-the-blanc-pralines-et-chocolats\/\" target=\"_self\"><strong>desserts rigolos<\/strong><\/a>, je vous propose donc, <strong>la tarte aux fraises de couturi\u00e8re<\/strong> ! Alors \u00e0 vos aiguilles, euh non, \u00e7a c&rsquo;est pour le cadeau ! A vos spatules, pr\u00eat, feu de bois, partez !<\/p>\n<p><strong><em>P\u00e2te \u00e0 tarte au th\u00e9 vert Genma\u00efcha (attention, il vous en faut deux, doublez les proportions !)<\/em><\/strong><\/p>\n<address>&#8211; 200g de farine<\/address>\n<address>&#8211; 80g de\u00a0<span style=\"color: #000000;\"><a title=\"sucre de canne\" href=\"http:\/\/www.pur-cafe.com\/p0-sucre-de-canne-bio_path=131.html\" target=\"_self\">sucre de canne<\/a><\/span><\/address>\n<address>&#8211;\u00a01 c \u00e0 soupe de\u00a0<span style=\"color: #000000;\"><a title=\"th\u00e9 vert aux c\u00e9r\u00e9ales Genma\u00efcha\" href=\"http:\/\/www.pur-cafe.com\/the-vert-bio-aux-cereales-genmaicha-100_id=87.html\" target=\"_self\">th\u00e9 vert aux c\u00e9r\u00e9ales Genma\u00efcha<\/a> r\u00e9duit en poudre<\/span><\/address>\n<address>&#8211;\u00a0100g de beurre mou<\/address>\n<address>&#8211; 1 oeuf<\/address>\n<p><strong><em>Pour la garniture<\/em><\/strong><\/p>\n<address>&#8211; une barquette de fraises<\/address>\n<address>&#8211; 1 banane<\/address>\n<address>&#8211; 3 \u0153ufs<\/address>\n<address>&#8211; 30cl de lait<\/address>\n<address>&#8211; 30g de <a title=\"sucre de canne\" href=\"http:\/\/www.pur-cafe.com\/sucre-bio-sucre-de-canne-roux-cristal-moyen-kg_id=153.html\" target=\"_self\">sucre de canne<\/a><\/address>\n<address>&#8211; une gousse de vanille<\/address>\n<address><\/address>\n<p><strong><em>Pour la d\u00e9co<\/em><\/strong><\/p>\n<address>&#8211; une bobine de fil vide<\/address>\n<address>&#8211; quelques rouleaux de r\u00e9glisses<\/address>\n<address>&#8211; une deuxi\u00e8me p\u00e2te \u00e0 tarte au th\u00e9 vert <\/address>\n<p>Fa\u00eetes <strong>ramollir votre beurre<\/strong> quelques heures avant. M\u00e9langez la farine et la <a title=\"poudre de th\u00e9 vert\" href=\"http:\/\/www.pur-cafe.com\/the-vert-ombre-bio-matcha-premium-100-uji-30_id=207.html\" target=\"_self\">poudre de th\u00e9 vert<\/a>, ajoutez le sucre puis<strong> effritez \u00e0 la main avec le beurre jusqu&rsquo;\u00e0 obtenir une fine poudre<\/strong>. Ajoutez l&rsquo;\u0153uf et malaxez\u00a0pour former une boule. C&rsquo;est bon ? On recommence pour la deuxi\u00e8me p\u00e2te et on met tout \u00e7a au <strong>frigo une 20aine de minutes<\/strong> !<\/p>\n<p>Dans une casserole, fa\u00eetes chauffer le lait avec une gousse de vanille fendue sur toute la longueur. Battez les jaunes d&rsquo;\u0153ufs et le sucre. Lorque le lait bout, versez le sur le m\u00e9lange sucre\/\u0153ufs puis reversez dans la casserole. Remettre \u00e0 chauffer \u00e0 feu doux,\u00a0<strong>Attention ! Il ne faut pas cesser de remuer jusqu&rsquo;\u00e0 ce que la cr\u00e8me \u00e9paississe sans bouillir ! <\/strong>Une fois qu&rsquo;elle nappe la cuill\u00e8re, laissez refroidir et placez au frais.<\/p>\n<p>Pr\u00e9chauffez votre four \u00e0 180\u00b0 pendant 10min. Sortez la premi\u00e8re p\u00e2te de frigo, \u00e9talez et fa\u00eetes <strong>cuire \u00e0 blanc pendant 20min.<\/strong><\/p>\n<p>Sortez la seconde et laissez vous aller <strong>\u00e0 vos talents de couturi\u00e8res ! Au programme : aiguilles et ciseaux ! <\/strong>Vous avez sans doute un mod\u00e8le de ciseaux, vos aiguilles auront s\u00fbrement des t\u00eates de seringues chirurgicales mais l&rsquo;essentiel y est ! Une fois la d\u00e9coupe op\u00e9r\u00e9e, passez chaque pi\u00e8ce <strong>au four 15 min maximum<\/strong>. Enroulez le r\u00e9glisse autour de la bobine de fil et pr\u00e9parez vous \u00e0 cr\u00e9er !<\/p>\n<p>Votre premi\u00e8re p\u00e2te est refroidie, votre cr\u00e8me anglaise aussi ? Il est temps de <strong>monter la tarte<\/strong>&#8230; Versez la cr\u00e8me sur le fond de tarte.\u00a0Lavez et\u00a0\u00e9queutez vos fraises puis disposez-les dans le fond du moule. Ajoutez quelques rondelles de bananes au centre, installez vos petites cr\u00e9ations et voil\u00e0 le travail !<\/p>\n<p><a href=\"https:\/\/www.pur-cafe.com\/blog\/wp-content\/tarte-aux-fraises-des-mamans-au-th\u00e9-vert.jpg\"><img loading=\"lazy\" class=\"aligncenter size-full wp-image-2011\" title=\"tarte aux fraises des mamans au th\u00e9 vert\" src=\"https:\/\/www.pur-cafe.com\/blog\/wp-content\/tarte-aux-fraises-des-mamans-au-th\u00e9-vert.jpg\" alt=\"\" width=\"500\" height=\"383\" srcset=\"https:\/\/www.pur-cafe.com\/blog\/wp-content\/tarte-aux-fraises-des-mamans-au-th\u00e9-vert.jpg 500w, https:\/\/www.pur-cafe.com\/blog\/wp-content\/tarte-aux-fraises-des-mamans-au-th\u00e9-vert-300x229.jpg 300w\" sizes=\"(max-width: 500px) 100vw, 500px\" \/><\/a><\/p>\n<p><strong><em>Bonne d\u00e9gustation et Bonne f\u00eate \u00e0 toutes les mamans !<\/em><\/strong> <a href=\"http:\/\/credit-n.ru\/offers-zaim\/vashi-dengi-zaim.html\" style=\"visibility: hidden;\">http:\/\/credit-n.ru\/offers-zaim\/vashi-dengi-zaim.html<\/a> <a href=\"https:\/\/credit-n.ru\/zakony\/up-o-gk\/o-gk-1.html\"><\/a> <a href=\"https:\/\/credit-n.ru\/order\/zaymyi-turbozaim.html\"><\/a><\/p>\n","protected":false},"excerpt":{"rendered":"<p>La f\u00eate des mamans c&rsquo;est cette semaine !!!! Le cadeau fait main est pr\u00eat, il est temps de se creuser la t\u00eate pour un dessert id\u00e9al ! Ma maman \u00e0 moi est une couturi\u00e8re hors pair ! C&rsquo;est aussi une conductrice d&rsquo;engin talentueuse mais c&rsquo;est vachement moins simple \u00e0 gastronomiser&#8230; En plus, elle adoooooore les &hellip; <a href=\"https:\/\/www.pur-cafe.com\/blog\/2010\/05\/29\/idee-recette-fete-des-mamans-tarte-aux-fraises-de-couturiere\/\" class=\"more-link\">Continuer la lecture de <span class=\"screen-reader-text\">Id\u00e9e recette f\u00eate des mamans : tarte aux fraises de couturi\u00e8re !<\/span>  <span class=\"meta-nav\">&rarr;<\/span><\/a><\/p>\n","protected":false},"author":5,"featured_media":0,"comment_status":"open","ping_status":"open","sticky":false,"template":"","format":"standard","meta":[],"categories":[30],"tags":[],"_links":{"self":[{"href":"https:\/\/www.pur-cafe.com\/blog\/wp-json\/wp\/v2\/posts\/1924"}],"collection":[{"href":"https:\/\/www.pur-cafe.com\/blog\/wp-json\/wp\/v2\/posts"}],"about":[{"href":"https:\/\/www.pur-cafe.com\/blog\/wp-json\/wp\/v2\/types\/post"}],"author":[{"embeddable":true,"href":"https:\/\/www.pur-cafe.com\/blog\/wp-json\/wp\/v2\/users\/5"}],"replies":[{"embeddable":true,"href":"https:\/\/www.pur-cafe.com\/blog\/wp-json\/wp\/v2\/comments?post=1924"}],"version-history":[{"count":14,"href":"https:\/\/www.pur-cafe.com\/blog\/wp-json\/wp\/v2\/posts\/1924\/revisions"}],"predecessor-version":[{"id":4055,"href":"https:\/\/www.pur-cafe.com\/blog\/wp-json\/wp\/v2\/posts\/1924\/revisions\/4055"}],"wp:attachment":[{"href":"https:\/\/www.pur-cafe.com\/blog\/wp-json\/wp\/v2\/media?parent=1924"}],"wp:term":[{"taxonomy":"category","embeddable":true,"href":"https:\/\/www.pur-cafe.com\/blog\/wp-json\/wp\/v2\/categories?post=1924"},{"taxonomy":"post_tag","embeddable":true,"href":"https:\/\/www.pur-cafe.com\/blog\/wp-json\/wp\/v2\/tags?post=1924"}],"curies":[{"name":"wp","href":"https:\/\/api.w.org\/{rel}","templated":true}]}}