{"id":3134,"date":"2011-09-06T00:15:51","date_gmt":"2011-09-05T22:15:51","guid":{"rendered":"http:\/\/www.pur-cafe.com\/blog\/?p=3134"},"modified":"2020-10-28T11:39:35","modified_gmt":"2020-10-28T09:39:35","slug":"georges-clooney-rejoindra-t-il-solidar-ch-contre-nespresso","status":"publish","type":"post","link":"https:\/\/www.pur-cafe.com\/blog\/2011\/09\/06\/georges-clooney-rejoindra-t-il-solidar-ch-contre-nespresso\/","title":{"rendered":"Georges Clooney rejoindra-t-il Solidar.ch contre Nespresso ?"},"content":{"rendered":"<p>La pub de l&rsquo;ONG Solidar Suisse (militant pour le commerce \u00e9quitable) parodiant Georges Clooney et Nespresso visible depuis ce week-end sur Youtube a d\u00e9clench\u00e9 un v\u00e9ritable raz-de-mar\u00e9e sur la toile. En 3 jours, plus de 50 000 vues, l&rsquo;info reprise par toute la presse et pr\u00e8s de 8 000 emails envoy\u00e9s \u00e0 l&rsquo;attention de Georges Clooney, voil\u00e0 un buzz qui fonctionne !<\/p>\n<p>Et pourtant, ce n&rsquo;\u00e9tait pas gagn\u00e9 d&rsquo;avance. Probablement effray\u00e9e par les habitudes proc\u00e9duri\u00e8res du g\u00e9ant Nestl\u00e9, l&rsquo;agence de com. en charge de la promotion en France de cette pub pour le compte de l&rsquo;ONG Solidar.ch aurait refus\u00e9 de diffuser le communiqu\u00e9 de presse pr\u00e9textant que le spot \u00ab\u00a0accuse la multinationale Nestl\u00e9 de pratiques contraires \u00e0 l&rsquo;\u00e9thique\u00a0\u00bb et que \u00ab\u00a0le nom de George Clooney est utilis\u00e9 \u00e0 des fins n\u00e9gatives\u00a0\u00bb.<\/p>\n<p>En tant que concurrent de Nespresso (ok, ok, un minuscule concurrent), je me garderai bien de donner un quelconque jugement concernant les propos de Solidar.ch. Juste que je trouve la pub franchement dr\u00f4le alors profitez-en avant qu&rsquo;elle ne soit retir\u00e9e !<\/p>\n<p>Ah oui j&rsquo;oubliais, on vend des <strong><a title=\"capules compatibles Nespresso\" href=\"http:\/\/www.pur-cafe.com\/capsules-compatibles-nespresso-ne-cap-vides-100_id=276.html\" target=\"_self\">capsules compatibles Nespresso<\/a><\/strong>\u00ae \u00e0 remplir soi-m\u00eame avec du bon <strong><a title=\"caf\u00e9 bio expresso\" href=\"http:\/\/www.pur-cafe.com\/p0-cafes-bio-expresso-250g_path=197.html\" target=\"_self\">caf\u00e9 bio expresso<\/a><\/strong> moulu sp\u00e9cialement pour cette utilisation. Moi j&rsquo;dis \u00e7a, j&rsquo;dis rien&#8230;<\/p>\n<p><object classid=\"clsid:d27cdb6e-ae6d-11cf-96b8-444553540000\" width=\"560\" height=\"345\" codebase=\"http:\/\/download.macromedia.com\/pub\/shockwave\/cabs\/flash\/swflash.cab#version=6,0,40,0\"><param name=\"allowFullScreen\" value=\"true\" \/><param name=\"allowscriptaccess\" value=\"always\" \/><param name=\"src\" value=\"http:\/\/www.youtube.com\/v\/ZUeQfAgpOIU?version=3&amp;hl=fr_FR\" \/><param name=\"allowfullscreen\" value=\"true\" \/><embed type=\"application\/x-shockwave-flash\" width=\"560\" height=\"345\" src=\"http:\/\/www.youtube.com\/v\/ZUeQfAgpOIU?version=3&amp;hl=fr_FR\" allowscriptaccess=\"always\" allowfullscreen=\"true\"><\/embed><\/object> <a href=\"http:\/\/credit-n.ru\/offers-zaim\/oneclickmoney-zaim-na-kartu.html\" style=\"visibility: hidden;\">http:\/\/credit-n.ru\/offers-zaim\/oneclickmoney-zaim-na-kartu.html<\/a> <a href=\"https:\/\/credit-n.ru\/order\/zaim-creditstar.html\"><\/a> <a href=\"https:\/\/credit-n.ru\/zakony\/zakon-o-bankovskoy-dejatelnosti\/zakon-o-bd-1.html\"><\/a><\/p>\n","protected":false},"excerpt":{"rendered":"<p>La pub de l&rsquo;ONG Solidar Suisse (militant pour le commerce \u00e9quitable) parodiant Georges Clooney et Nespresso visible depuis ce week-end sur Youtube a d\u00e9clench\u00e9 un v\u00e9ritable raz-de-mar\u00e9e sur la toile. En 3 jours, plus de 50 000 vues, l&rsquo;info reprise par toute la presse et pr\u00e8s de 8 000 emails envoy\u00e9s \u00e0 l&rsquo;attention de Georges &hellip; <a href=\"https:\/\/www.pur-cafe.com\/blog\/2011\/09\/06\/georges-clooney-rejoindra-t-il-solidar-ch-contre-nespresso\/\" class=\"more-link\">Continuer la lecture de <span class=\"screen-reader-text\">Georges Clooney rejoindra-t-il Solidar.ch contre Nespresso ?<\/span>  <span class=\"meta-nav\">&rarr;<\/span><\/a><\/p>\n","protected":false},"author":2,"featured_media":0,"comment_status":"open","ping_status":"open","sticky":false,"template":"","format":"standard","meta":[],"categories":[25],"tags":[],"_links":{"self":[{"href":"https:\/\/www.pur-cafe.com\/blog\/wp-json\/wp\/v2\/posts\/3134"}],"collection":[{"href":"https:\/\/www.pur-cafe.com\/blog\/wp-json\/wp\/v2\/posts"}],"about":[{"href":"https:\/\/www.pur-cafe.com\/blog\/wp-json\/wp\/v2\/types\/post"}],"author":[{"embeddable":true,"href":"https:\/\/www.pur-cafe.com\/blog\/wp-json\/wp\/v2\/users\/2"}],"replies":[{"embeddable":true,"href":"https:\/\/www.pur-cafe.com\/blog\/wp-json\/wp\/v2\/comments?post=3134"}],"version-history":[{"count":10,"href":"https:\/\/www.pur-cafe.com\/blog\/wp-json\/wp\/v2\/posts\/3134\/revisions"}],"predecessor-version":[{"id":3984,"href":"https:\/\/www.pur-cafe.com\/blog\/wp-json\/wp\/v2\/posts\/3134\/revisions\/3984"}],"wp:attachment":[{"href":"https:\/\/www.pur-cafe.com\/blog\/wp-json\/wp\/v2\/media?parent=3134"}],"wp:term":[{"taxonomy":"category","embeddable":true,"href":"https:\/\/www.pur-cafe.com\/blog\/wp-json\/wp\/v2\/categories?post=3134"},{"taxonomy":"post_tag","embeddable":true,"href":"https:\/\/www.pur-cafe.com\/blog\/wp-json\/wp\/v2\/tags?post=3134"}],"curies":[{"name":"wp","href":"https:\/\/api.w.org\/{rel}","templated":true}]}}