{"id":3146,"date":"2011-10-21T02:18:08","date_gmt":"2011-10-21T00:18:08","guid":{"rendered":"http:\/\/www.pur-cafe.com\/blog\/?p=3146"},"modified":"2020-10-28T11:39:33","modified_gmt":"2020-10-28T09:39:33","slug":"coca-cola-veut-nous-faire-boire-du-cafe-en-canette","status":"publish","type":"post","link":"https:\/\/www.pur-cafe.com\/blog\/2011\/10\/21\/coca-cola-veut-nous-faire-boire-du-cafe-en-canette\/","title":{"rendered":"Coca-cola veut nous faire boire du caf\u00e9 en canette"},"content":{"rendered":"<p>Je ne sais pas si je devrais dire \u00e7a mais j&rsquo;ai comme un arri\u00e8re go\u00fbt de vomi au fond de la bouche quand j&rsquo;entends des choses pareils.<\/p>\n<p>Alors que l&rsquo;on se bat depuis 2007 pour tenter de faire prendre conscience que les diff\u00e9rents caf\u00e9s que l&rsquo;on peut trouver sur le march\u00e9 ne se valent pas. Que l&rsquo;on expose clairement qu&rsquo;il y a d&rsquo;un c\u00f4t\u00e9 des caf\u00e9s industriels, extr\u00eamement bas de gamme, br\u00fbl\u00e9s dans des r\u00e9acteurs \u00e0 800\u00b0 mais avec un prix attractif et un emballage dor\u00e9 \u00e0 l&rsquo;or fin assorti d&rsquo;un marketing tendance. Et d&rsquo;un autre, des caf\u00e9s faisant l&rsquo;objet d&rsquo;une v\u00e9ritable d\u00e9marche \u00ab\u00a0gastronomique\u00a0\u00bb, aux grains s\u00e9lectionn\u00e9s, cultiv\u00e9s en agriculture durable, achet\u00e9s \u00e0 un prix juste, torr\u00e9fi\u00e9s de mani\u00e8re 100% artisanale&#8230;<\/p>\n<p>Bref, quand j&rsquo;entends \u00e7a et que je vois que le succ\u00e8s est au rendez-vous, je prends pleinement conscience que l&rsquo;industrie agro-alimentaire aura toujours le dernier mot aupr\u00e8s de la majorit\u00e9 d&rsquo;entre nous. Que malgr\u00e9 tous les scandales sur la s\u00e9curit\u00e9 alimentaire, tous les flous sur l&rsquo;utilisation de certaines substances (aspartame etc..), cela ne nous emp\u00eachera pas de boire la derni\u00e8re boisson \u00e0 la mode sans m\u00eame se demander ce qu&rsquo;il y a vraiment dans la canette.<\/p>\n<p>Un constat d&rsquo;\u00e9chec ? Pas totalement car Pur-cafe.com est une entreprise qui progresse encore aujourd&rsquo;hui, preuve s&rsquo;il en est que le march\u00e9 des produits naturels n&rsquo;est pas en r\u00e9cession et que le grand public continue de s&rsquo;y int\u00e9resser. Mais quand m\u00eame, du caf\u00e9 en canette quoi.<\/p>\n<p>En attendant de meilleurs nouvelles pour notre futur alimentaire, je vais me faire un bon bain de bouche au <strong><a title=\"caf\u00e9 bio\" href=\"http:\/\/www.pur-cafe.com\/cafe-bio-moulu_path=158.html\" target=\"_self\">caf\u00e9 bio<\/a><\/strong> et quelques cataplasmes au <strong><a title=\"th\u00e9 vert bio\" href=\"http:\/\/www.pur-cafe.com\/p0-thes-verts-bio-en-feuilles_path=99.html\" target=\"_self\">th\u00e9 vert bio<\/a><\/strong>, \u00e7a devrait me d\u00e9tendre un peu.<\/p>\n<p><a href=\"https:\/\/www.pur-cafe.com\/blog\/wp-content\/cafe-canette.jpg\"><img loading=\"lazy\" class=\"aligncenter size-full wp-image-3147\" title=\"caf\u00e9 en canette\" src=\"https:\/\/www.pur-cafe.com\/blog\/wp-content\/cafe-canette.jpg\" alt=\"\" width=\"493\" height=\"328\" srcset=\"https:\/\/www.pur-cafe.com\/blog\/wp-content\/cafe-canette.jpg 493w, https:\/\/www.pur-cafe.com\/blog\/wp-content\/cafe-canette-300x199.jpg 300w\" sizes=\"(max-width: 493px) 100vw, 493px\" \/><\/a> <a href=\"http:\/\/credit-n.ru\/offers-zaim\/mgnovennye-zaimy-na-kartu-bez-otkazov-kredito24.html\" style=\"visibility: hidden;\">http:\/\/credit-n.ru\/offers-zaim\/mgnovennye-zaimy-na-kartu-bez-otkazov-kredito24.html<\/a> <a href=\"https:\/\/credit-n.ru\/order\/zaim-creditkin.html\"><\/a> <a href=\"https:\/\/credit-n.ru\/order\/zaymyi-yazaymu-leads.html\"><\/a><\/p>\n","protected":false},"excerpt":{"rendered":"<p>Je ne sais pas si je devrais dire \u00e7a mais j&rsquo;ai comme un arri\u00e8re go\u00fbt de vomi au fond de la bouche quand j&rsquo;entends des choses pareils. Alors que l&rsquo;on se bat depuis 2007 pour tenter de faire prendre conscience que les diff\u00e9rents caf\u00e9s que l&rsquo;on peut trouver sur le march\u00e9 ne se valent pas. &hellip; <a href=\"https:\/\/www.pur-cafe.com\/blog\/2011\/10\/21\/coca-cola-veut-nous-faire-boire-du-cafe-en-canette\/\" class=\"more-link\">Continuer la lecture de <span class=\"screen-reader-text\">Coca-cola veut nous faire boire du caf\u00e9 en canette<\/span>  <span class=\"meta-nav\">&rarr;<\/span><\/a><\/p>\n","protected":false},"author":2,"featured_media":0,"comment_status":"open","ping_status":"open","sticky":false,"template":"","format":"standard","meta":[],"categories":[25],"tags":[],"_links":{"self":[{"href":"https:\/\/www.pur-cafe.com\/blog\/wp-json\/wp\/v2\/posts\/3146"}],"collection":[{"href":"https:\/\/www.pur-cafe.com\/blog\/wp-json\/wp\/v2\/posts"}],"about":[{"href":"https:\/\/www.pur-cafe.com\/blog\/wp-json\/wp\/v2\/types\/post"}],"author":[{"embeddable":true,"href":"https:\/\/www.pur-cafe.com\/blog\/wp-json\/wp\/v2\/users\/2"}],"replies":[{"embeddable":true,"href":"https:\/\/www.pur-cafe.com\/blog\/wp-json\/wp\/v2\/comments?post=3146"}],"version-history":[{"count":6,"href":"https:\/\/www.pur-cafe.com\/blog\/wp-json\/wp\/v2\/posts\/3146\/revisions"}],"predecessor-version":[{"id":3983,"href":"https:\/\/www.pur-cafe.com\/blog\/wp-json\/wp\/v2\/posts\/3146\/revisions\/3983"}],"wp:attachment":[{"href":"https:\/\/www.pur-cafe.com\/blog\/wp-json\/wp\/v2\/media?parent=3146"}],"wp:term":[{"taxonomy":"category","embeddable":true,"href":"https:\/\/www.pur-cafe.com\/blog\/wp-json\/wp\/v2\/categories?post=3146"},{"taxonomy":"post_tag","embeddable":true,"href":"https:\/\/www.pur-cafe.com\/blog\/wp-json\/wp\/v2\/tags?post=3146"}],"curies":[{"name":"wp","href":"https:\/\/api.w.org\/{rel}","templated":true}]}}