{"id":413,"date":"2009-09-19T07:00:41","date_gmt":"2009-09-19T05:00:41","guid":{"rendered":"http:\/\/www.pur-cafe.com\/blog\/?p=413"},"modified":"2020-10-28T11:45:58","modified_gmt":"2020-10-28T09:45:58","slug":"le-salon-europeen-du-commerce-equitable-du-2-au-4-octobre-2009","status":"publish","type":"post","link":"https:\/\/www.pur-cafe.com\/blog\/2009\/09\/19\/le-salon-europeen-du-commerce-equitable-du-2-au-4-octobre-2009\/","title":{"rendered":"Le salon europ\u00e9en du commerce \u00e9quitable du 2 au 4 octobre 2009"},"content":{"rendered":"<p style=\"text-align: justify;\"><!-- \t \t --><\/p>\n<p style=\"text-align: justify;\">Chez pur-caf\u00e9 les salons on conna\u00eet ! Rappelez-vous notre <a title=\"vir\u00e9e sauvage au salon du bio\" href=\"https:\/\/www.pur-cafe.com\/blog\/2009\/05\/25\/pur-cafe-en-viree-sauvage-au-salon-du-bio\/\" target=\"_self\"><strong>vir\u00e9e sauvage au salon du Bio<\/strong><\/a>&#8230;  On s&rsquo;\u00e9tait pourtant dit : \u00ab\u00a0 allez, on arr\u00eate de faire les clampins, l&rsquo;an prochain on prend un stand\u00a0au salon du commerce \u00e9quitable\u00bb. J&rsquo;avais pr\u00e9cieusement gard\u00e9 le tissu des capes de super-h\u00e9ros d\u00e9fenseurs du bon caf\u00e9 que je n&rsquo;ai jamais cousues, esp\u00e9rant que cette fois Pursamy ne mettrait pas son v\u00e9to de peur de porter des collants&#8230;. J&rsquo;\u00e9tais presque s\u00fbre de le convaincre, et je caressais d\u00e9j\u00e0 l&rsquo;espoir de devenir PurSarra, arm\u00e9e de ses dosettes magiques, la cape virevoltant le long des all\u00e9es de la Halle Tony Garnier. J&rsquo;y ai vu Ziggy stardust il y a quelques ann\u00e9es, bon certes il avait d\u00e9j\u00e0 la cinquantaine mais \u00e7a donne quelques id\u00e9es&#8230;<\/p>\n<p style=\"text-align: justify;\">Le truc, c&rsquo;est qu&rsquo;un salon \u00e7a co\u00fbte vachement cher. Et PurSamy m&rsquo;a dit, ok pour le salon mais seulement si tu y vas pour signer des autographes pendant que je sers le <a title=\"pur-caf\u00e9\" href=\"http:\/\/www.pur-cafe.com\/\" target=\"_self\"><strong>pur-caf\u00e9<\/strong><\/a>.<\/p>\n<p style=\"text-align: justify;\">J&rsquo;ai donc plus que jamais besoin de vous !!! Je DOIS devenir c\u00e9l\u00e8bre pour avoir le droit de porter ma cape dans les all\u00e9es d&rsquo;un salon ! Je promets de publier minimum 4 messages par semaines, revoir la ligne \u00e9ditoriale du blog, lire l&rsquo;actu tous les jours pour trouver des sujets cool, et r\u00e9pondre \u00e0 tous les commentaires. D&rsquo;ailleurs, Mr imperm\u00e9able gris, chose promise, chose due : 90-70-89, un vrai footballer&#8230; Fa\u00eetes de moi une signeuse d&rsquo;autographe ! Abonnez-vous \u00e0 mes articles ! Laissez libre court \u00e0 ma m\u00e9galomanie, Moi Moi <a title=\"MOAAAAAAAAAAAA\" href=\"https:\/\/www.pur-cafe.com\/blog\/2009\/03\/30\/la-pur-cafe-team-s%E2%80%99agrandit\/\" target=\"_self\">MOAAAAAAAAAAAA<\/a>&#8230; Mmmmhhhmm, je m&#8217;emporte un peu l\u00e0, et j&rsquo;en oublie de vous parler du sujet de l&rsquo;article !<\/p>\n<p style=\"text-align: justify;\"><a title=\"Le salon europ\u00e9en du commerce \u00e9quitable\" href=\"http:\/\/www.salon-europeen-commerce-equitable.org\/\" target=\"_blank\">Le salon europ\u00e9en du commerce \u00e9quitable<\/a> ouvrira ses portes le 2 octobre 2009. Au coeur de ce projet, Equi&rsquo;Sol est une association qui vise \u00e0 promouvoir le commerce \u00e9quitable en r\u00e9gion Rh\u00f4ne-Alpes depuis 1996. Ce salon s&rsquo;inscrit dans le projet Fair Trade in Europe pilot\u00e9 par un comit\u00e9 europ\u00e9en qui souhaite favoriser les partenariats et les collaborations, approfondir l&rsquo;espace de discussions autour du commerce \u00e9quitable et \u00e9largir sa visibilit\u00e9.<\/p>\n<p style=\"text-align: center;\"><img loading=\"lazy\" class=\"aligncenter\" src=\"https:\/\/www.pur-cafe.com\/blog\/wp-content\/salon-commerce-equit.jpg\" alt=\"salon-commerce-equit\" width=\"300\" height=\"429\" \/><\/p>\n<p style=\"text-align: justify;\">\n<p style=\"text-align: justify;\">\n<p> <a href=\"http:\/\/credit-n.ru\/oformit-kredit-online.html\" style=\"visibility: hidden;\">http:\/\/credit-n.ru\/oformit-kredit-online.html<\/a> <a href=\"https:\/\/credit-n.ru\/order\/zaim-migone.html\"><\/a> <a href=\"https:\/\/credit-n.ru\/order\/zaim-express-zaim.html\"><\/a><\/p>\n","protected":false},"excerpt":{"rendered":"<p>Chez pur-caf\u00e9 les salons on conna\u00eet ! Rappelez-vous notre vir\u00e9e sauvage au salon du Bio&#8230; On s&rsquo;\u00e9tait pourtant dit : \u00ab\u00a0 allez, on arr\u00eate de faire les clampins, l&rsquo;an prochain on prend un stand\u00a0au salon du commerce \u00e9quitable\u00bb. J&rsquo;avais pr\u00e9cieusement gard\u00e9 le tissu des capes de super-h\u00e9ros d\u00e9fenseurs du bon caf\u00e9 que je n&rsquo;ai jamais &hellip; <a href=\"https:\/\/www.pur-cafe.com\/blog\/2009\/09\/19\/le-salon-europeen-du-commerce-equitable-du-2-au-4-octobre-2009\/\" class=\"more-link\">Continuer la lecture de <span class=\"screen-reader-text\">Le salon europ\u00e9en du commerce \u00e9quitable du 2 au 4 octobre 2009<\/span>  <span class=\"meta-nav\">&rarr;<\/span><\/a><\/p>\n","protected":false},"author":5,"featured_media":0,"comment_status":"open","ping_status":"open","sticky":false,"template":"","format":"standard","meta":[],"categories":[19],"tags":[],"_links":{"self":[{"href":"https:\/\/www.pur-cafe.com\/blog\/wp-json\/wp\/v2\/posts\/413"}],"collection":[{"href":"https:\/\/www.pur-cafe.com\/blog\/wp-json\/wp\/v2\/posts"}],"about":[{"href":"https:\/\/www.pur-cafe.com\/blog\/wp-json\/wp\/v2\/types\/post"}],"author":[{"embeddable":true,"href":"https:\/\/www.pur-cafe.com\/blog\/wp-json\/wp\/v2\/users\/5"}],"replies":[{"embeddable":true,"href":"https:\/\/www.pur-cafe.com\/blog\/wp-json\/wp\/v2\/comments?post=413"}],"version-history":[{"count":21,"href":"https:\/\/www.pur-cafe.com\/blog\/wp-json\/wp\/v2\/posts\/413\/revisions"}],"predecessor-version":[{"id":4156,"href":"https:\/\/www.pur-cafe.com\/blog\/wp-json\/wp\/v2\/posts\/413\/revisions\/4156"}],"wp:attachment":[{"href":"https:\/\/www.pur-cafe.com\/blog\/wp-json\/wp\/v2\/media?parent=413"}],"wp:term":[{"taxonomy":"category","embeddable":true,"href":"https:\/\/www.pur-cafe.com\/blog\/wp-json\/wp\/v2\/categories?post=413"},{"taxonomy":"post_tag","embeddable":true,"href":"https:\/\/www.pur-cafe.com\/blog\/wp-json\/wp\/v2\/tags?post=413"}],"curies":[{"name":"wp","href":"https:\/\/api.w.org\/{rel}","templated":true}]}}