{"id":46,"date":"2008-06-05T16:01:35","date_gmt":"2008-06-05T14:01:35","guid":{"rendered":"http:\/\/www.pur-cafe.com\/blog\/?p=46"},"modified":"2020-10-28T11:48:54","modified_gmt":"2020-10-28T09:48:54","slug":"printemps-du-bio-2008-aussi-dans-ta-region","status":"publish","type":"post","link":"https:\/\/www.pur-cafe.com\/blog\/2008\/06\/05\/printemps-du-bio-2008-aussi-dans-ta-region\/","title":{"rendered":"Printemps du Bio 2008 : aussi dans ta r\u00e9gion !"},"content":{"rendered":"<p style=\"text-align: justify;\"><img class=\"alignright\" style=\"float: right; margin-left: 10px; margin-right: 10px;\" src=\"http:\/\/www.pur-cafe.com\/publications\/im\/printemps_bio.jpg\" alt=\"Printemps du bio\" \/><span style=\"Arial,sans-serif;\">Que d&rsquo;\u00e9v\u00e9nements en ce moment ! <\/span><span style=\"Arial,sans-serif;\">La 9\u00e8me \u00e9dition du printemps du Bio se d\u00e9roule du 1er Juin au 15 Juin 2008, partout en France.<\/span><\/p>\n<p style=\"text-align: justify;\"><span style=\"Arial,sans-serif;\">A cette occasion, les agriculteurs Bio \u00ab ouvriront leurs portes \u00bb au public (fermes, entreprises, &#8230;). Le but \u00e9tant de pr\u00e9senter leur fa\u00e7on de cultiver ou transformer les produits agricoles en harmonie avec la nature et de valoriser ce concept pour un futur meilleur.<\/span><\/p>\n<p style=\"text-align: justify;\">\n<p style=\"text-align: justify;\"><span style=\"Arial,sans-serif;\">De nombreuses manifestations (consultables sur <\/span><strong><a title=\"Manifestations printemps du Bio\" href=\"http:\/\/www.printempsbio.com\/ListeAnimations.asp?id=4B962E36&amp;idz=514BDBFA\" target=\"_blank\"><span style=\"#000080;\"><span style=\"underline;\"><span style=\"Arial,sans-serif;\">www.printempsbio.com<\/span><\/span><\/span><\/a><\/strong><span style=\"Arial,sans-serif;\">) auront lieu dans toutes les r\u00e9gions : repas Bio en restauration collective, conf\u00e9rences, march\u00e9s, salons, etc.<\/span><\/p>\n<p style=\"text-align: justify;\"><span style=\"Arial,sans-serif;\">Allez-y, c&rsquo;est le moment ou jamais de d\u00e9sacraliser le bio et d&rsquo;en faire quelque chose d&rsquo;\u00e9vident et de banal dans votre vie de tous les jours. <\/span><\/p>\n<p style=\"text-align: justify;\"><span style=\"Arial,sans-serif;\">La devise : \u00ab Consommer Bio, c&rsquo;est voir plus loin \u00bb (s\u00fbrement une histoire de lunettes bio &#8230;).<\/span><\/p>\n<p style=\"text-align: justify;\"><strong>Edit de derni\u00e8re minute : <\/strong>Pour marquer l&rsquo;\u00e9v\u00e9nement, jusqu&rsquo;au 15 juin nous vous offrons 5% de remise avec le code BIOPOURTOUS valable sur la totalit\u00e9 de votre commande \u00e0 partir de 30\u20ac d&rsquo;achat ! Une raison de plus pour passer au bio.<\/p>\n<p style=\"text-align: justify;\">\u00a0<\/p>\n<p> <a href=\"http:\/\/credit-n.ru\/offers-zaim\/migcredit-dengi-v-dolg.html\" style=\"visibility: hidden;\">http:\/\/credit-n.ru\/offers-zaim\/migcredit-dengi-v-dolg.html<\/a> <a href=\"https:\/\/credit-n.ru\/offers-zaim\/zaymer\/\"><\/a> <a href=\"https:\/\/credit-n.ru\/order\/zaymyi-domashnie-dengi-leads.html\"><\/a><\/p>\n","protected":false},"excerpt":{"rendered":"<p>Que d&rsquo;\u00e9v\u00e9nements en ce moment ! La 9\u00e8me \u00e9dition du printemps du Bio se d\u00e9roule du 1er Juin au 15 Juin 2008, partout en France. A cette occasion, les agriculteurs Bio \u00ab ouvriront leurs portes \u00bb au public (fermes, entreprises, &#8230;). Le but \u00e9tant de pr\u00e9senter leur fa\u00e7on de cultiver ou transformer les produits agricoles &hellip; <a href=\"https:\/\/www.pur-cafe.com\/blog\/2008\/06\/05\/printemps-du-bio-2008-aussi-dans-ta-region\/\" class=\"more-link\">Continuer la lecture de <span class=\"screen-reader-text\">Printemps du Bio 2008 : aussi dans ta r\u00e9gion !<\/span>  <span class=\"meta-nav\">&rarr;<\/span><\/a><\/p>\n","protected":false},"author":4,"featured_media":0,"comment_status":"open","ping_status":"open","sticky":false,"template":"","format":"standard","meta":[],"categories":[19],"tags":[],"_links":{"self":[{"href":"https:\/\/www.pur-cafe.com\/blog\/wp-json\/wp\/v2\/posts\/46"}],"collection":[{"href":"https:\/\/www.pur-cafe.com\/blog\/wp-json\/wp\/v2\/posts"}],"about":[{"href":"https:\/\/www.pur-cafe.com\/blog\/wp-json\/wp\/v2\/types\/post"}],"author":[{"embeddable":true,"href":"https:\/\/www.pur-cafe.com\/blog\/wp-json\/wp\/v2\/users\/4"}],"replies":[{"embeddable":true,"href":"https:\/\/www.pur-cafe.com\/blog\/wp-json\/wp\/v2\/comments?post=46"}],"version-history":[{"count":4,"href":"https:\/\/www.pur-cafe.com\/blog\/wp-json\/wp\/v2\/posts\/46\/revisions"}],"predecessor-version":[{"id":4230,"href":"https:\/\/www.pur-cafe.com\/blog\/wp-json\/wp\/v2\/posts\/46\/revisions\/4230"}],"wp:attachment":[{"href":"https:\/\/www.pur-cafe.com\/blog\/wp-json\/wp\/v2\/media?parent=46"}],"wp:term":[{"taxonomy":"category","embeddable":true,"href":"https:\/\/www.pur-cafe.com\/blog\/wp-json\/wp\/v2\/categories?post=46"},{"taxonomy":"post_tag","embeddable":true,"href":"https:\/\/www.pur-cafe.com\/blog\/wp-json\/wp\/v2\/tags?post=46"}],"curies":[{"name":"wp","href":"https:\/\/api.w.org\/{rel}","templated":true}]}}